{"id":408,"date":"2020-06-17T16:56:53","date_gmt":"2020-06-17T14:56:53","guid":{"rendered":"https:\/\/www.architekten-jwr.de\/?p=408"},"modified":"2020-10-07T12:49:04","modified_gmt":"2020-10-07T10:49:04","slug":"wohnungsbau","status":"publish","type":"post","link":"https:\/\/www.architekten-jwr.de\/?p=408","title":{"rendered":"Wohnungsbau"},"content":{"rendered":"\n<h2 class=\"has-text-align-right wp-block-heading\"><\/h2>\n\n\n\n<h3 class=\"wp-block-heading\"><\/h3>\n\n\n\n<p>Die nachfolgenden Projekte zeigen Ihnen einen kleinen Ausschnitt unseres Wirkens:<\/p>\n\n\n\n<p>Das Spektrum im Bereich Wohnungsbau reicht vom Einfamilienhaus bis zur kompletten Wohnsiedlung, ma\u00dfgeschneidert f\u00fcr den Bauherrn und eingepasst in \u00f6kologische, \u00f6konomische und st\u00e4dtebauliche Rahmenbedingungen. Vor allem \u00f6kologische Einfl\u00fcsse haben schon immer unser architektonisches Handeln stark beeinflusst, auch wenn es nicht um sogenannte &#8222;\u00d6koprojekte&#8220; ging. Oft im Detail versteckt, ist \u00f6kologisches Bauen auch eine grunds\u00e4tzliche Forderung vieler Bauherren.<\/p>\n\n\n<div id=\"metaslider-id-658\" style=\"width: 100%; margin: 0 auto;\" class=\"ml-slider-3-107-0 metaslider metaslider-nivo metaslider-658 ml-slider has-dots-nav ms-theme-default\" role=\"region\" aria-label=\"Wohnungsbau\" data-height=\"600\" data-width=\"700\">\n    <div id=\"metaslider_container_658\">\n        <div class='slider-wrapper theme-default'><div class='ribbon'><\/div><div id='metaslider_658' class='nivoSlider'><img loading=\"lazy\" decoding=\"async\" src=\"https:\/\/www.architekten-jwr.de\/wp-content\/uploads\/2020\/10\/2015-03-25-10.31.21-1-scaled-700x600.jpg\" height=\"600\" width=\"700\" data-caption=\"Neubau von 7 Mehrfamilienh&auml;usern, Castrop-Rauxel\" title=\"2015-03-25 10.31.21\" alt=\"\" class=\"slider-658 slide-801 msDefaultImage\" \/><img loading=\"lazy\" decoding=\"async\" src=\"https:\/\/www.architekten-jwr.de\/wp-content\/uploads\/2020\/06\/2-Eingang-700x600.jpg\" height=\"600\" width=\"700\" data-caption=\"Neubau Einfamilienhaus, Waltrop - Eingang\" title=\"OLYMPUS DIGITAL CAMERA\" alt=\"\" class=\"slider-658 slide-659 msDefaultImage\" \/><img loading=\"lazy\" decoding=\"async\" src=\"https:\/\/www.architekten-jwr.de\/wp-content\/uploads\/2020\/10\/3-Strassenansicht-700x600.jpg\" height=\"600\" width=\"700\" data-caption=\"Neubau Einfamilienhaus, Waltrop - Stra&szlig;enansicht\" title=\"OLYMPUS DIGITAL CAMERA\" alt=\"\" class=\"slider-658 slide-868 msDefaultImage\" \/><img loading=\"lazy\" decoding=\"async\" src=\"https:\/\/www.architekten-jwr.de\/wp-content\/uploads\/2020\/06\/499JERVF-700x600.jpg\" height=\"600\" width=\"700\" data-caption=\"Neubau Einfamilienhaus, Castrop-Rauxel - Vorderfront\" title=\"Neubau Einfamilienhaus, Cottenburgschlucht, Castrop-Rauxel\" alt=\"\" class=\"slider-658 slide-661 msDefaultImage\" \/><img loading=\"lazy\" decoding=\"async\" src=\"https:\/\/www.architekten-jwr.de\/wp-content\/uploads\/2020\/10\/499JERHF-700x600.jpg\" height=\"600\" width=\"700\" data-caption=\"Neubau Einfamilienhaus, Castrop-Rauxel - R&uuml;ckfront\" title=\"OLYMPUS DIGITAL CAMERA\" alt=\"\" class=\"slider-658 slide-870 msDefaultImage\" \/><img loading=\"lazy\" decoding=\"async\" src=\"https:\/\/www.architekten-jwr.de\/wp-content\/uploads\/2020\/10\/Thomasstr_winter-700x600.jpg\" height=\"600\" width=\"700\" data-caption=\"Neubau Mehrfamilienhaus, Castrop-Rauxel - Vorderfront\" title=\"Thomasstr_winter\" alt=\"\" class=\"slider-658 slide-866 msDefaultImage\" \/><img loading=\"lazy\" decoding=\"async\" src=\"https:\/\/www.architekten-jwr.de\/wp-content\/uploads\/2020\/10\/PA050052-700x600.jpg\" height=\"600\" width=\"700\" data-caption=\"Neubau Mehrfamilienhaus, Castrop-Rauxel - R&uuml;ckfront\" title=\"OLYMPUS DIGITAL CAMERA\" alt=\"\" class=\"slider-658 slide-662 msDefaultImage\" \/><img loading=\"lazy\" decoding=\"async\" src=\"https:\/\/www.architekten-jwr.de\/wp-content\/uploads\/2020\/06\/P1010209-700x600.jpg\" height=\"600\" width=\"700\" data-caption=\"Neubau Einfamilienhaus, Castrop-Rauxel\" title=\"P1010209\" alt=\"\" class=\"slider-658 slide-660 msDefaultImage\" \/><img loading=\"lazy\" decoding=\"async\" src=\"https:\/\/www.architekten-jwr.de\/wp-content\/uploads\/2020\/06\/2018-04-12-17.23.54-scaled-700x600.jpg\" height=\"600\" width=\"700\" data-caption=\"Anbau an ein Einfamilienhaus, Castrop-Rauxel\" title=\"2018-04-12 17.23.54\" alt=\"Anbau Einfamilienhaus\" class=\"slider-658 slide-663 msDefaultImage\" \/><img loading=\"lazy\" decoding=\"async\" src=\"https:\/\/www.architekten-jwr.de\/wp-content\/uploads\/2020\/06\/1-Eingang-700x600.jpg\" height=\"600\" width=\"700\" data-caption=\"Neubau Einfamilienhaus, Castrop-Rauxel\" title=\"OLYMPUS DIGITAL CAMERA\" alt=\"\" class=\"slider-658 slide-664 msDefaultImage\" \/><img loading=\"lazy\" decoding=\"async\" src=\"https:\/\/www.architekten-jwr.de\/wp-content\/uploads\/2020\/10\/20170914_113139-700x600.jpg\" height=\"600\" width=\"700\" data-caption=\"Neubau Doppelhaus mit 4 WE, Langenfeld\" title=\"20170914_113139\" alt=\"\" class=\"slider-658 slide-757 msDefaultImage\" \/><img loading=\"lazy\" decoding=\"async\" src=\"https:\/\/www.architekten-jwr.de\/wp-content\/uploads\/2020\/10\/DSCF2943-scaled-700x600.jpg\" height=\"600\" width=\"700\" data-caption=\"Neubau Zweifamilienhaus, Castrop-Rauxel\" title=\"DSCF2943\" alt=\"\" class=\"slider-658 slide-793 msDefaultImage\" \/><img loading=\"lazy\" decoding=\"async\" src=\"https:\/\/www.architekten-jwr.de\/wp-content\/uploads\/2020\/10\/DSCF2949-scaled-700x600.jpg\" height=\"600\" width=\"700\" data-caption=\"Neubau Einfamilienhaus, Herne\" title=\"DSCF2949\" alt=\"\" class=\"slider-658 slide-797 msDefaultImage\" \/><img loading=\"lazy\" decoding=\"async\" src=\"https:\/\/www.architekten-jwr.de\/wp-content\/uploads\/2020\/10\/P1010545-560x480.jpg\" height=\"600\" width=\"700\" data-caption=\"Neubau Einfamilienhaus, Castrop-Rauxel\" title=\"P1010545\" alt=\"\" class=\"slider-658 slide-803 msDefaultImage\" \/><img loading=\"lazy\" decoding=\"async\" src=\"https:\/\/www.architekten-jwr.de\/wp-content\/uploads\/2020\/10\/2014-09-11-20.12.07-700x600.jpg\" height=\"600\" width=\"700\" data-caption=\"Neubau eines Einfamilienhauses mit Doppelcarport, Waltrop\" title=\"2014-09-11 20.12.07\" alt=\"\" class=\"slider-658 slide-836 msDefaultImage\" \/><img loading=\"lazy\" decoding=\"async\" src=\"https:\/\/www.architekten-jwr.de\/wp-content\/uploads\/2020\/10\/Lagos-VF-695x596.jpg\" height=\"600\" width=\"700\" data-caption=\"Neubau eines Wohnhauses, Lagos Portugal\" title=\"Lagos VF\" alt=\"\" class=\"slider-658 slide-887 msDefaultImage\" \/><img loading=\"lazy\" decoding=\"async\" src=\"https:\/\/www.architekten-jwr.de\/wp-content\/uploads\/2020\/10\/Ansicht-Sueden-Norden-700x600.jpg\" height=\"600\" width=\"700\" data-caption=\"Umbau eines Mehrfamilienhauses, Sassnitz R&uuml;gen\" title=\"Ansicht S\u00fcden-Norden\" alt=\"\" class=\"slider-658 slide-888 msDefaultImage\" \/><\/div><\/div>\n        \n    <\/div>\n<\/div>\n\n\n\n<p><\/p>\n","protected":false},"excerpt":{"rendered":"<p class=\"qua-blog-post-description\">Die nachfolgenden Projekte zeigen Ihnen einen kleinen Ausschnitt unseres Wirkens: Das Spektrum im Bereich Wohnungsbau reicht vom Einfamilienhaus bis zur kompletten Wohnsiedlung, ma\u00dfgeschneidert f\u00fcr den Bauherrn und eingepasst in \u00f6kologische, \u00f6konomische und st\u00e4dtebauliche Rahmenbedingungen. Vor allem \u00f6kologische Einfl\u00fcsse haben schon immer unser architektonisches Handeln stark beeinflusst, auch wenn es nicht um sogenannte &#8222;\u00d6koprojekte&#8220; ging. Oft [&hellip;]<\/p>\n","protected":false},"author":3,"featured_media":0,"comment_status":"closed","ping_status":"closed","sticky":false,"template":"","format":"standard","meta":{"footnotes":""},"categories":[4],"tags":[],"class_list":["post-408","post","type-post","status-publish","format-standard","hentry","category-wohnungsbau"],"_links":{"self":[{"href":"https:\/\/www.architekten-jwr.de\/index.php?rest_route=\/wp\/v2\/posts\/408","targetHints":{"allow":["GET"]}}],"collection":[{"href":"https:\/\/www.architekten-jwr.de\/index.php?rest_route=\/wp\/v2\/posts"}],"about":[{"href":"https:\/\/www.architekten-jwr.de\/index.php?rest_route=\/wp\/v2\/types\/post"}],"author":[{"embeddable":true,"href":"https:\/\/www.architekten-jwr.de\/index.php?rest_route=\/wp\/v2\/users\/3"}],"replies":[{"embeddable":true,"href":"https:\/\/www.architekten-jwr.de\/index.php?rest_route=%2Fwp%2Fv2%2Fcomments&post=408"}],"version-history":[{"count":21,"href":"https:\/\/www.architekten-jwr.de\/index.php?rest_route=\/wp\/v2\/posts\/408\/revisions"}],"predecessor-version":[{"id":665,"href":"https:\/\/www.architekten-jwr.de\/index.php?rest_route=\/wp\/v2\/posts\/408\/revisions\/665"}],"wp:attachment":[{"href":"https:\/\/www.architekten-jwr.de\/index.php?rest_route=%2Fwp%2Fv2%2Fmedia&parent=408"}],"wp:term":[{"taxonomy":"category","embeddable":true,"href":"https:\/\/www.architekten-jwr.de\/index.php?rest_route=%2Fwp%2Fv2%2Fcategories&post=408"},{"taxonomy":"post_tag","embeddable":true,"href":"https:\/\/www.architekten-jwr.de\/index.php?rest_route=%2Fwp%2Fv2%2Ftags&post=408"}],"curies":[{"name":"wp","href":"https:\/\/api.w.org\/{rel}","templated":true}]}}